{"id":2272,"date":"2026-04-28T15:15:00","date_gmt":"2026-04-28T13:15:00","guid":{"rendered":"https:\/\/www.batir-la-paix.fr\/?p=2272"},"modified":"2026-04-28T15:15:00","modified_gmt":"2026-04-28T13:15:00","slug":"fantasme-meurtrier-ou-reve-fecond","status":"publish","type":"post","link":"https:\/\/www.batir-la-paix.fr\/index.php\/2026\/04\/28\/fantasme-meurtrier-ou-reve-fecond\/","title":{"rendered":"Fantasme meurtrier ou r\u00eave f\u00e9cond"},"content":{"rendered":"\n<p>Durant cette p\u00e9riode o\u00f9 verdissent les jardins et les prairies, le contraste est saisissant entre les forces obscures qui tuent au nom de la jalousie, de la vengeance, de Dieu Lui-m\u00eame&#8230; et le regain de vie dont t\u00e9moigne le printemps.<\/p>\n\n\n\n<p>La mondialisation, le contexte g\u00e9opolitique, l\u2019appropriation du p\u00e9trole&#8230; ne suffisent plus \u00e0 expliquer la violence partout r\u00e9pandue &#8211;&nbsp;jusque dans <strong>un au-del\u00e0 fantasm\u00e9<\/strong> par des syst\u00e8mes religieux, qui distribuerait des r\u00e9compenses et des punitions, selon les crit\u00e8res <em>bien terriens<\/em> et bien simplistes d\u2019une pseudo-p\u00e9dagogie&#8230;<\/p>\n\n\n\n<p>Le fantasme exprime une fuite du r\u00e9el, et c\u2019est pourquoi son rapport \u00e0 la v\u00e9rit\u00e9, \u00e0 la v\u00e9racit\u00e9, \u00e0 l\u2019authenticit\u00e9 est radicalement fauss\u00e9. Le camp de la violence, comme celui d\u2019un certain pacifisme s\u2019affrontent st\u00e9rilement, hors de la r\u00e9alit\u00e9.<\/p>\n\n\n\n<p><strong>.<\/strong> Le premier justifie le crime, affirme que la guerre est une n\u00e9cessit\u00e9, que l\u2019ennemi est celui qui emp\u00eache de dominer.<\/p>\n\n\n\n<p><strong>.<\/strong> Le second cultive le d\u00e9ni de la guerre et adopte une attitude ang\u00e9lique&nbsp;: ce qui rend aveugle face \u00e0 l\u2019obligation de mener un combat contre l\u2019ignorance, le laxisme, la r\u00e9signation&#8230; qui endorment les consciences et favorisent pr\u00e9cis\u00e9ment l\u2019essor du fantasme inconscient qui l\u00e9gitime le crime et se moque du droit.<\/p>\n\n\n\n<p>Quand Socrate nous invite \u00e0 nous conna\u00eetre nous-m\u00eames, il sait que cette exigence a une port\u00e9e cosmique et th\u00e9ologique. Il ajoute en effet au fameux <em>connais-toi toi-m\u00eame<\/em> cette ouverture&nbsp;: <em>et tu conna\u00eetras l\u2019Univers et les Dieux<\/em>.<\/p>\n\n\n\n<p>Cela pr\u00e9c\u00e8de et rejoint le contenu du r\u00eave&nbsp;* de Martin Luther King qui esp\u00e8re voir simultan\u00e9ment <em>les collines s&rsquo;abaisser<\/em>, <em>la puret\u00e9 des c\u0153urs redresser les torts<\/em>, et <em>la gloire du Cr\u00e9ateur se r\u00e9v\u00e9ler<\/em>.<\/p>\n\n\n\n<p>Que nous le voulions ou non, le <strong>c\u0153ur<\/strong> de l\u2019\u00eatre humain &#8211;&nbsp;cet organe vital qui irrigue le cerveau, ce si\u00e8ge des \u00e9motions et des d\u00e9cisions, ce producteur de courage&nbsp;&#8211; reste le th\u00e9\u00e2tre o\u00f9 se joue l\u2019avenir du monde. Il nous faut travailler \u00e0 faire reculer le fantasme qui conduit au chaos, et \u00e0 faire grandir le r\u00eave \u00e9veill\u00e9 et puissamment actif qui facilite la fraternisation.<\/p>\n\n\n\n<p>Cela ne se fait pas sans l\u2019engagement de toutes et tous au service de la <strong>loyaut\u00e9<\/strong> envers soi-m\u00eame comme envers autrui qui clarifie et consolide le d\u00e9sir de r\u00e9-instaurer les liens de la <strong>confiance<\/strong> pour r\u00e9-apprendre \u00e0 vivre ensemble.<\/p>\n\n\n\n<p><strong>Marie-Pierre Oudin<\/strong><\/p>\n\n\n\n<p>* <em>I have a dream<\/em> &#8211;&nbsp;discours prononc\u00e9 le 28 ao\u00fbt 1963 durant la Marche sur Washington pour l&#8217;emploi et la libert\u00e9, organis\u00e9e par le Mouvement des droits civiques.<\/p>\n","protected":false},"excerpt":{"rendered":"<p>Durant cette p\u00e9riode o\u00f9 verdissent les jardins et les prairies, le contraste est saisissant entre les forces obscures qui tuent au nom de la jalousie, de la vengeance, de Dieu Lui-m\u00eame&#8230; et le regain de vie dont t\u00e9moigne le printemps. La mondialisation, le contexte g\u00e9opolitique, l\u2019appropriation du p\u00e9trole&#8230; ne suffisent plus \u00e0 expliquer la violence partout r\u00e9pandue &#8211;&nbsp;jusque dans un &hellip; <\/p>\n","protected":false},"author":1,"featured_media":0,"comment_status":"closed","ping_status":"closed","sticky":false,"template":"","format":"standard","meta":{"ub_ctt_via":""},"categories":[2],"tags":[],"featured_image_src":null,"author_info":{"display_name":"B\u00e2tir la Paix","author_link":"https:\/\/www.batir-la-paix.fr\/index.php\/author\/admin6005\/"},"uagb_featured_image_src":{"full":false,"thumbnail":false,"medium":false,"medium_large":false,"large":false,"1536x1536":false,"2048x2048":false,"ub-block-post-grid-landscape":false,"charity-care-donation-post":false,"charity-care-give":false,"benevolent-slider":false,"benevolent-community":false,"benevolent-blog":false,"benevolent-with-sidebar":false,"benevolent-without-sidebar":false,"benevolent-featured-post":false,"benevolent-recent-post":false,"benevolent-schema":false},"uagb_author_info":{"display_name":"B\u00e2tir la Paix","author_link":"https:\/\/www.batir-la-paix.fr\/index.php\/author\/admin6005\/"},"uagb_comment_info":0,"uagb_excerpt":"Durant cette p\u00e9riode o\u00f9 verdissent les jardins et les prairies, le contraste est saisissant entre les forces obscures qui tuent au nom de la jalousie, de la vengeance, de Dieu Lui-m\u00eame&#8230; et le regain de vie dont t\u00e9moigne le printemps. La mondialisation, le contexte g\u00e9opolitique, l\u2019appropriation du p\u00e9trole&#8230; ne suffisent plus \u00e0 expliquer la violence\u2026","_links":{"self":[{"href":"https:\/\/www.batir-la-paix.fr\/index.php\/wp-json\/wp\/v2\/posts\/2272"}],"collection":[{"href":"https:\/\/www.batir-la-paix.fr\/index.php\/wp-json\/wp\/v2\/posts"}],"about":[{"href":"https:\/\/www.batir-la-paix.fr\/index.php\/wp-json\/wp\/v2\/types\/post"}],"author":[{"embeddable":true,"href":"https:\/\/www.batir-la-paix.fr\/index.php\/wp-json\/wp\/v2\/users\/1"}],"replies":[{"embeddable":true,"href":"https:\/\/www.batir-la-paix.fr\/index.php\/wp-json\/wp\/v2\/comments?post=2272"}],"version-history":[{"count":1,"href":"https:\/\/www.batir-la-paix.fr\/index.php\/wp-json\/wp\/v2\/posts\/2272\/revisions"}],"predecessor-version":[{"id":2273,"href":"https:\/\/www.batir-la-paix.fr\/index.php\/wp-json\/wp\/v2\/posts\/2272\/revisions\/2273"}],"wp:attachment":[{"href":"https:\/\/www.batir-la-paix.fr\/index.php\/wp-json\/wp\/v2\/media?parent=2272"}],"wp:term":[{"taxonomy":"category","embeddable":true,"href":"https:\/\/www.batir-la-paix.fr\/index.php\/wp-json\/wp\/v2\/categories?post=2272"},{"taxonomy":"post_tag","embeddable":true,"href":"https:\/\/www.batir-la-paix.fr\/index.php\/wp-json\/wp\/v2\/tags?post=2272"}],"curies":[{"name":"wp","href":"https:\/\/api.w.org\/{rel}","templated":true}]}}