{"id":2104,"date":"2023-03-19T00:02:16","date_gmt":"2023-03-18T23:02:16","guid":{"rendered":"https:\/\/www.batir-la-paix.fr\/?p=2104"},"modified":"2023-03-19T00:03:02","modified_gmt":"2023-03-18T23:03:02","slug":"notre-action-a-compiegne","status":"publish","type":"post","link":"https:\/\/www.batir-la-paix.fr\/index.php\/2023\/03\/19\/notre-action-a-compiegne\/","title":{"rendered":"Notre action \u00e0 Compi\u00e8gne"},"content":{"rendered":"\n<p>A Compi\u00e8gne, depuis le mois de septembre dernier, cr\u00e9ation d\u2019une Permanence Citoyenne dans un appartement situ\u00e9 dans le quartier du Clos des Roses, dans le but de faire travailler ensemble des associations diff\u00e9rentes mais compl\u00e9mentaires. La n\u00f4tre est heureuse de participer \u00e0 cette action, d\u2019autant plus que cela correspond aux perspectives de notre projet.<\/p>\n\n\n\n<p><a href=\"https:\/\/www.batir-la-paix.fr\/wp-content\/uploads\/2023\/03\/Permanences-Citoyennete-2022-2023.pdf\" target=\"_blank\" rel=\"noreferrer noopener\">Permanence Citoyennet\u00e9 2022-2023<\/a><\/p>\n","protected":false},"excerpt":{"rendered":"<p>A Compi\u00e8gne, depuis le mois de septembre dernier, cr\u00e9ation d\u2019une Permanence Citoyenne dans un appartement situ\u00e9 dans le quartier du Clos des Roses, dans le but de faire travailler ensemble des associations diff\u00e9rentes mais compl\u00e9mentaires. La n\u00f4tre est heureuse de participer \u00e0 cette action, d\u2019autant plus que cela correspond aux perspectives de notre projet. Permanence Citoyennet\u00e9 2022-2023<\/p>\n","protected":false},"author":1,"featured_media":0,"comment_status":"closed","ping_status":"open","sticky":false,"template":"","format":"standard","meta":{"ub_ctt_via":""},"categories":[10],"tags":[],"featured_image_src":null,"author_info":{"display_name":"B\u00e2tir la Paix","author_link":"https:\/\/www.batir-la-paix.fr\/index.php\/author\/admin6005\/"},"uagb_featured_image_src":{"full":false,"thumbnail":false,"medium":false,"medium_large":false,"large":false,"1536x1536":false,"2048x2048":false,"ub-block-post-grid-landscape":false,"charity-care-donation-post":false,"charity-care-give":false,"benevolent-slider":false,"benevolent-community":false,"benevolent-blog":false,"benevolent-with-sidebar":false,"benevolent-without-sidebar":false,"benevolent-featured-post":false,"benevolent-recent-post":false,"benevolent-schema":false},"uagb_author_info":{"display_name":"B\u00e2tir la Paix","author_link":"https:\/\/www.batir-la-paix.fr\/index.php\/author\/admin6005\/"},"uagb_comment_info":0,"uagb_excerpt":"A Compi\u00e8gne, depuis le mois de septembre dernier, cr\u00e9ation d\u2019une Permanence Citoyenne dans un appartement situ\u00e9 dans le quartier du Clos des Roses, dans le but de faire travailler ensemble des associations diff\u00e9rentes mais compl\u00e9mentaires. La n\u00f4tre est heureuse de participer \u00e0 cette action, d\u2019autant plus que cela correspond aux perspectives de notre projet. Permanence\u2026","_links":{"self":[{"href":"https:\/\/www.batir-la-paix.fr\/index.php\/wp-json\/wp\/v2\/posts\/2104"}],"collection":[{"href":"https:\/\/www.batir-la-paix.fr\/index.php\/wp-json\/wp\/v2\/posts"}],"about":[{"href":"https:\/\/www.batir-la-paix.fr\/index.php\/wp-json\/wp\/v2\/types\/post"}],"author":[{"embeddable":true,"href":"https:\/\/www.batir-la-paix.fr\/index.php\/wp-json\/wp\/v2\/users\/1"}],"replies":[{"embeddable":true,"href":"https:\/\/www.batir-la-paix.fr\/index.php\/wp-json\/wp\/v2\/comments?post=2104"}],"version-history":[{"count":2,"href":"https:\/\/www.batir-la-paix.fr\/index.php\/wp-json\/wp\/v2\/posts\/2104\/revisions"}],"predecessor-version":[{"id":2106,"href":"https:\/\/www.batir-la-paix.fr\/index.php\/wp-json\/wp\/v2\/posts\/2104\/revisions\/2106"}],"wp:attachment":[{"href":"https:\/\/www.batir-la-paix.fr\/index.php\/wp-json\/wp\/v2\/media?parent=2104"}],"wp:term":[{"taxonomy":"category","embeddable":true,"href":"https:\/\/www.batir-la-paix.fr\/index.php\/wp-json\/wp\/v2\/categories?post=2104"},{"taxonomy":"post_tag","embeddable":true,"href":"https:\/\/www.batir-la-paix.fr\/index.php\/wp-json\/wp\/v2\/tags?post=2104"}],"curies":[{"name":"wp","href":"https:\/\/api.w.org\/{rel}","templated":true}]}}